[{"@context":"https:\/\/schema.org\/","@type":"Article","@id":"https:\/\/www.spojeno.cz\/cemu-date-prednost\/#Article","mainEntityOfPage":"https:\/\/www.spojeno.cz\/cemu-date-prednost\/","headline":"\u010cemu d\u00e1te p\u0159ednost?","name":"\u010cemu d\u00e1te p\u0159ednost?","description":"D\u016fm \u010di byt? Co je pro v\u00e1s lep\u0161\u00ed? Kdyby jste m\u011bli na v\u00fdb\u011br oboj\u00ed, kam by jste se p\u0159est\u011bhovali. J\u00e1 osobn\u011b m\u016f\u017eu \u0159\u00edct, \u017ee kdyby se mi naskytla mo\u017enost bydlet vy byt\u011b, tak u\u017e bych tam nikdy ne\u0161la. M\u011bla sem mo\u017enost p\u00e1r let bydlet v panel\u00e1kov\u00e9m dom\u011b, ale nem\u011bla jsem s t\u00edm probl\u00e9m, docela se...","datePublished":"2021-12-17","dateModified":"2023-04-30","author":{"@type":"Person","@id":"https:\/\/www.spojeno.cz\/author\/#Person","name":"","url":"https:\/\/www.spojeno.cz\/author\/","identifier":1,"image":{"@type":"ImageObject","@id":"https:\/\/secure.gravatar.com\/avatar\/7b7a3ac09da7f6a75c5f1ebec5be454c22943a51b9f5595d89318ef09bd44dd1?s=96&d=mm&r=g","url":"https:\/\/secure.gravatar.com\/avatar\/7b7a3ac09da7f6a75c5f1ebec5be454c22943a51b9f5595d89318ef09bd44dd1?s=96&d=mm&r=g","height":96,"width":96}},"publisher":{"@type":"Organization","name":"spojeno.cz","logo":{"@type":"ImageObject","@id":"\/logo.png","url":"\/logo.png","width":600,"height":60}},"image":{"@type":"ImageObject","@id":"https:\/\/www.spojeno.cz\/wp-content\/uploads\/2-min-e1579360404430.jpg","url":"https:\/\/www.spojeno.cz\/wp-content\/uploads\/2-min-e1579360404430.jpg","height":0,"width":0},"url":"https:\/\/www.spojeno.cz\/cemu-date-prednost\/","about":["D\u016fm a byt"],"wordCount":488,"articleBody":"D\u016fm \u010di byt? Co je pro v\u00e1s lep\u0161\u00ed? Kdyby jste m\u011bli na v\u00fdb\u011br oboj\u00ed, kam by jste se p\u0159est\u011bhovali. J\u00e1 osobn\u011b m\u016f\u017eu \u0159\u00edct, \u017ee kdyby se mi naskytla mo\u017enost bydlet vy byt\u011b, tak u\u017e bych tam nikdy ne\u0161la. M\u011bla sem mo\u017enost p\u00e1r let bydlet v panel\u00e1kov\u00e9m dom\u011b, ale nem\u011bla jsem s t\u00edm probl\u00e9m, docela se mi to i l\u00edbilo. V\u0161ude jsem se dostala p\u011b\u0161ky, i kdy\u017e bych mohla jet autem, ale v\u017edy se m\u011bla to \u0161t\u011bst\u00ed a v\u0161e jsem m\u011bla za rohem. Tak\u017ee auto jsem nepot\u0159ebovala. Bydlela sem p\u0159\u00edmo v centru m\u011bsta. Co\u017e pro m\u011b bylo ide\u00e1ln\u00ed. Byla jsem mlad\u00e1, ne jako \u017ee bych te\u010f mlad\u00e1 nebyla, ale u\u017e mi nen\u00ed 20 a tak m\u00e1m r\u00e1da sv\u00e9 ticho, soukrom\u00ed.V\u00fdhoda toho v\u0161eho byla ta, \u017ee jsem m\u011bla v\u0161echno bl\u00edzko. Jak u\u017e jsem psala, auto jsem v\u016fbec nepou\u017e\u00edvala, zast\u00e1vku jsem m\u011bla hned vedle panel\u00e1ku, tak \u017ee do pr\u00e1ce, nebo i do obchodu jsem m\u011bla dosti \u010dasu. Byla jsem hned v centru d\u011bn\u00ed. Nevadil mi pouli\u010dn\u00ed, no\u010dn\u00ed hluk, aut nebo lid\u00ed, kte\u0159\u00ed chodili kolem. Ale co mi nejv\u00edc vadilo, bylo to \u017ee jsem nem\u011bla soukrom\u00ed. Ano, \u010dtete dob\u0159e, soukrom\u00ed. Jak u\u017e je n\u00e1m zn\u00e1mo nebo jak se \u0159\u00edk\u00e1. Kdy\u017e si v panel\u00e1ku prdne\u0161 tak to v\u00ed i ostatn\u00ed a to p\u0159esn\u011b tak bylo i u n\u00e1s. Sousedi v\u011bd\u011bli, kdy chod\u00edm dom\u016f, s k\u00fdm chod\u00edm dom\u016f, co m\u00e1m nov\u00e9ho. No prost\u011b m\u00edsto toho aby si ka\u017ed\u00fd hled\u011bl sv\u00e9ho tak se ot\u00e1\u010del na ostatn\u00ed. A mysl\u00edm si \u017ee to takhle funguje v\u0161ude. A tak jsem se rozhodla, \u017ee i kdy\u017e m\u00e1m byt v centru, tak mi to za to nestoj\u00ed a rozhodla jsem se, \u017ee u\u017e v byt\u011b nikdy nechci bydlet.\u00a0S m\u00fdm partnerem jsme rozhodli o na\u0161\u00ed budoucnosti. P\u0159est\u011bhovali jsem se na malou, ale kr\u00e1snou vesnici, kde jsme si postavili d\u016fm. Te\u010f u\u017e MHD nejezd\u00edm, jeliko\u017e spoje jsou tu minim\u00e1ln\u00ed a trochu i nespolehliv\u00e9, tak vyu\u017e\u00edv\u00e1me auto. Nejsem v centru d\u011bn\u00ed a v\u016fbec mi to nevad\u00ed. M\u00e1me sv\u016fj malink\u00fd domek, ve kter\u00e9m jsme spolu \u0161\u0165astn\u00ed. Kolem sebe m\u00e1me p\u00e1r soused\u016f, o kter\u00fdch moc ani nev\u00edme a mysl\u00edm si \u017ee ani oni o n\u00e1s. V\u0161ichni si hled\u00edme sv\u00e9ho, jeliko\u017e m\u00e1me po\u0159ad co na pr\u00e1ci. A zaj\u00edm\u00e1 n\u00e1s jen to na\u0161e. Tak\u017ee hlavn\u00ed co mi chyb\u011blo v byt\u011b, jsem na\u0161la a\u017e v dom\u011b a to je soukrom\u00ed a klid.\u00a0                                                                                                                                                                                                                                                                                                                                                                                        4.2\/5 - (8 votes)        "},{"@context":"https:\/\/schema.org\/","@type":"BreadcrumbList","itemListElement":[{"@type":"ListItem","position":1,"name":"\u010cemu d\u00e1te p\u0159ednost?","item":"https:\/\/www.spojeno.cz\/cemu-date-prednost\/#breadcrumbitem"}]}]