[{"@context":"https:\/\/schema.org\/","@type":"Article","@id":"https:\/\/www.spojeno.cz\/dovolena-pro-vas\/#Article","mainEntityOfPage":"https:\/\/www.spojeno.cz\/dovolena-pro-vas\/","headline":"Dovolen\u00e1 pro v\u00e1s","name":"Dovolen\u00e1 pro v\u00e1s","description":"Nab\u00edz\u00edme v\u00e1m tu nejlep\u0161\u00ed mo\u017enou dovolenou u mo\u0159e, za skv\u011blou cenu. P\u0159ije\u010fte se i vy ubytovat do apartm\u00e1n\u016f, kter\u00e9 v\u00e1m nab\u00edz\u00edme. Dop\u0159ejte si kvalitn\u00ed a luxusn\u00ed dovolenou za velmi m\u00e1lo pen\u011bz. Chorvatsko dovolen\u00e1 pat\u0159\u00ed k nejdostupn\u011bj\u0161\u00edm dovolen\u00fdm u mo\u0159e v\u016fbec a ka\u017ed\u00fd rok sem proto jezd\u00ed velmi mnoho \u010desk\u00fdch turist\u016f. Dop\u0159ejte si kvalitn\u00ed a neskute\u010dn\u011b...","datePublished":"2024-12-21","dateModified":"2024-12-21","author":{"@type":"Person","@id":"https:\/\/www.spojeno.cz\/author\/#Person","name":"","url":"https:\/\/www.spojeno.cz\/author\/","identifier":1,"image":{"@type":"ImageObject","@id":"https:\/\/secure.gravatar.com\/avatar\/7b7a3ac09da7f6a75c5f1ebec5be454c22943a51b9f5595d89318ef09bd44dd1?s=96&d=mm&r=g","url":"https:\/\/secure.gravatar.com\/avatar\/7b7a3ac09da7f6a75c5f1ebec5be454c22943a51b9f5595d89318ef09bd44dd1?s=96&d=mm&r=g","height":96,"width":96}},"publisher":{"@type":"Organization","name":"spojeno.cz","logo":{"@type":"ImageObject","@id":"\/logo.png","url":"\/logo.png","width":600,"height":60}},"url":"https:\/\/www.spojeno.cz\/dovolena-pro-vas\/","wordCount":200,"articleBody":"Nab\u00edz\u00edme v\u00e1m tu nejlep\u0161\u00ed mo\u017enou dovolenou u mo\u0159e, za skv\u011blou cenu. P\u0159ije\u010fte se i vy ubytovat do apartm\u00e1n\u016f, kter\u00e9 v\u00e1m nab\u00edz\u00edme. Dop\u0159ejte si kvalitn\u00ed a luxusn\u00ed dovolenou za velmi m\u00e1lo pen\u011bz. Chorvatsko dovolen\u00e1 pat\u0159\u00ed k nejdostupn\u011bj\u0161\u00edm dovolen\u00fdm u mo\u0159e v\u016fbec a ka\u017ed\u00fd rok sem proto jezd\u00ed velmi mnoho \u010desk\u00fdch turist\u016f. Dop\u0159ejte si kvalitn\u00ed a neskute\u010dn\u011b p\u011bknou dovolenou, kter\u00e1 je tu i pro obzvl\u00e1\u0161\u0165 n\u00e1ro\u010dn\u00e9 klienty. P\u0159ije\u010fte do Chorvatska a na \u010cernou Horu. Apartm\u00e1ny u pob\u0159e\u017e\u00ed Nab\u00edz\u00edme v\u00e1m ubytov\u00e1n\u00ed v Chorvatsku v apartm\u00e1nech, kter\u00e9 le\u017e\u00ed p\u0159\u00edmo u mo\u0159e, k vod\u011b to tak nebudete m\u00edt nikdy daleko. Apartm\u00e1ny jsou velmi dob\u0159e za\u0159\u00edzen\u00e9, t\u011b\u017eko v\u00e1m zde bude n\u011bco chyb\u011bt. My v\u00e1m nav\u00edc d\u00e1me kontakt na jejich majitele, proto, abyste za va\u0161i dovolenou zaplatili co nejm\u00e9n\u011b. Mo\u0159e je azurov\u011b \u010dist\u00e9 a kr\u00e1sn\u011b pr\u016fzra\u010dn\u00e9, v mnoha p\u0159\u00edpadech je obepnut\u00e9 skalami, kter\u00e9 pohledu dodaj\u00ed tu pravou atmosf\u00e9ru.                                                                                                                                                                                                                                                                                                                                                                                        4\/5 - (2 votes)        "},{"@context":"https:\/\/schema.org\/","@type":"BreadcrumbList","itemListElement":[{"@type":"ListItem","position":1,"name":"Dovolen\u00e1 pro v\u00e1s","item":"https:\/\/www.spojeno.cz\/dovolena-pro-vas\/#breadcrumbitem"}]}]