[{"@context":"https:\/\/schema.org\/","@type":"Article","@id":"https:\/\/www.spojeno.cz\/k-cemu-vyuzit-pronajem-leseni\/#Article","mainEntityOfPage":"https:\/\/www.spojeno.cz\/k-cemu-vyuzit-pronajem-leseni\/","headline":"K \u010demu vyu\u017e\u00edt pron\u00e1jem le\u0161en\u00ed","name":"K \u010demu vyu\u017e\u00edt pron\u00e1jem le\u0161en\u00ed","description":"Le\u0161en\u00ed nen\u00ed nutn\u00e9 kupovat, m\u016f\u017eete si jej pronajmout. Pron\u00e1jem le\u0161en\u00ed je mo\u017en\u00e9 tak\u00e9 spojit s pron\u00e1jmem n\u011bkter\u00e9ho specifick\u00e9ho n\u00e1\u0159ad\u00ed, nap\u0159\u00edklad pokud pot\u0159ebujete zbourat star\u00fd kom\u00edn a chcete si pro tuto pr\u00e1ci pronajmout elektrick\u00e9 kladivo, kter\u00e9 byste v dom\u00e1cnosti u\u017e st\u011b\u017e\u00ed upot\u0159ebili na jin\u00e9 pracovn\u00ed \u010dinnosti. Kde nap\u0159\u00edklad byste mohli uplatnit pron\u00e1jem le\u0161en\u00ed? Kom\u00edn \u2013 vra\u0165me...","datePublished":"2025-07-06","dateModified":"2025-07-06","author":{"@type":"Person","@id":"https:\/\/www.spojeno.cz\/author\/#Person","name":"","url":"https:\/\/www.spojeno.cz\/author\/","identifier":1,"image":{"@type":"ImageObject","@id":"https:\/\/secure.gravatar.com\/avatar\/7b7a3ac09da7f6a75c5f1ebec5be454c22943a51b9f5595d89318ef09bd44dd1?s=96&d=mm&r=g","url":"https:\/\/secure.gravatar.com\/avatar\/7b7a3ac09da7f6a75c5f1ebec5be454c22943a51b9f5595d89318ef09bd44dd1?s=96&d=mm&r=g","height":96,"width":96}},"publisher":{"@type":"Organization","name":"spojeno.cz","logo":{"@type":"ImageObject","@id":"\/logo.png","url":"\/logo.png","width":600,"height":60}},"image":{"@type":"ImageObject","@id":"https:\/\/www.spojeno.cz\/wp-content\/uploads\/building-site-7526687_640_3.jpg","url":"https:\/\/www.spojeno.cz\/wp-content\/uploads\/building-site-7526687_640_3.jpg","height":0,"width":0},"url":"https:\/\/www.spojeno.cz\/k-cemu-vyuzit-pronajem-leseni\/","about":["Business"],"wordCount":435,"articleBody":"      Le\u0161en\u00ed nen\u00ed nutn\u00e9 kupovat, m\u016f\u017eete si jej pronajmout. Pron\u00e1jem le\u0161en\u00ed je mo\u017en\u00e9 tak\u00e9 spojit s pron\u00e1jmem n\u011bkter\u00e9ho specifick\u00e9ho n\u00e1\u0159ad\u00ed, nap\u0159\u00edklad pokud pot\u0159ebujete zbourat star\u00fd kom\u00edn a chcete si pro tuto pr\u00e1ci pronajmout elektrick\u00e9 kladivo, kter\u00e9 byste v dom\u00e1cnosti u\u017e st\u011b\u017e\u00ed upot\u0159ebili na jin\u00e9 pracovn\u00ed \u010dinnosti. Kde nap\u0159\u00edklad byste mohli uplatnit pron\u00e1jem le\u0161en\u00ed?Kom\u00edn \u2013 vra\u0165me se znovu k t\u00e9to situaci \u2013 p\u0159edstavte si, \u017ee pot\u0159ebujete vym\u011bnit st\u0159e\u0161n\u00ed krytinu, vym\u011bnit i st\u0159e\u0161n\u00ed lat\u011b a zabudovat do p\u016fdn\u00edch prostor st\u0159e\u0161n\u00ed okna. Na tyto stavebn\u00ed pr\u00e1ce si sjedn\u00e1te specializovanou firmu, ov\u0161em ne\u017eli firma nastoup\u00ed na staveni\u0161t\u011b, budete se muset sami postarat o zbour\u00e1n\u00ed kom\u00ednu, kter\u00fd ji\u017e p\u0159ed l\u00e9ty p\u0159estal slou\u017eit sv\u00e9mu \u00fa\u010delu. Pronajmete si tedy le\u0161en\u00ed, bu\u010f pevn\u00e9 nebo poj\u00edzdn\u00e9, a b\u011bhem v\u00edkendu byste to mohli zvl\u00e1dnout v\u010detn\u011b demont\u00e1\u017ee le\u0161en\u00ed v Kladn\u011b a pot\u0159ebn\u00e9ho \u00faklidu.N\u00e1t\u011br fas\u00e1dy \u2013 m\u00e1te na va\u0161em dom\u011b kr\u00e1snou fas\u00e1du, kter\u00e1 na sv\u00e9m m\u00edst\u011b st\u00e1le dr\u017e\u00ed, ale u\u017e by pot\u0159ebovala nat\u0159\u00edt fas\u00e1dn\u00ed barvou? Nat\u00edrat fas\u00e1du ve v\u00fd\u0161ce p\u011bti metr\u016f nad zem\u00ed ze \u017eeb\u0159\u00edku je zbyte\u010dn\u011b riskantn\u00ed, s le\u0161en\u00edm je to bezpe\u010dn\u011bj\u0161\u00ed a tak\u00e9 pohodln\u011bj\u0161\u00ed.P\u0159\u00edstavba \u2013 bydl\u00edte ve star\u0161\u00edm domku a uva\u017eujete nad t\u00edm, \u017ee k n\u011bmu p\u0159istav\u00edte jednu velkou obytnou m\u00edstnost, kter\u00e1 bude slou\u017eit jako kuchy\u0148, \u010d\u00edm\u017e se v\u00e1m v\u00fdznamn\u011b zlep\u0161\u00ed bytov\u00fd komfort? Pro zhotoven\u00ed p\u0159\u00edstavby se v\u00e1m tak\u00e9 m\u016f\u017ee skv\u011ble hodit le\u0161en\u00ed. Pokud neuva\u017eujete prov\u00e1d\u011bt stavebn\u00ed pr\u00e1ce \u010dast\u011bji nebo se t\u00edm dokonce \u017eivot, je v\u00fdhodn\u011bj\u0161\u00ed si le\u0161en\u00ed pouze pronajmout a p\u0159\u00edpadn\u011b nechat postavit.Z\u0159\u00edcen\u00ed le\u0161en\u00ed \u2013 ke z\u0159\u00edcen\u00ed le\u0161en\u00ed u\u017e skute\u010dn\u011b do\u0161lo a je to i nafilmov\u00e1no kamerou a video je na Internetu ve\u0159ejn\u011b p\u0159\u00edstupn\u00e9. Stalo se to v Praze Nusl\u00edch v Otakarov\u011b ulici. Tehdy se o to postaral siln\u00fd v\u00edtr. Le\u0161en\u00ed se proto mus\u00ed bezpe\u010dn\u011b ukotvit ke zdivu, a pokud si s t\u00edm nev\u00edte rady a nem\u00e1te s mont\u00e1\u017e\u00ed le\u0161en\u00ed zku\u0161enosti, m\u016f\u017eete o jeho v\u00fdstavbu po\u017e\u00e1dat odborn\u00edky \u2013 nap\u0159\u00edklad firmu, co le\u0161en\u00ed pronaj\u00edm\u00e1.                                                                                                                                                                                                                                                                                                                                                                                          4.5\/5 - (6 votes)        "},{"@context":"https:\/\/schema.org\/","@type":"BreadcrumbList","itemListElement":[{"@type":"ListItem","position":1,"name":"K \u010demu vyu\u017e\u00edt pron\u00e1jem le\u0161en\u00ed","item":"https:\/\/www.spojeno.cz\/k-cemu-vyuzit-pronajem-leseni\/#breadcrumbitem"}]}]