[{"@context":"https:\/\/schema.org\/","@type":"Article","@id":"https:\/\/www.spojeno.cz\/myslete-na-jidlo\/#Article","mainEntityOfPage":"https:\/\/www.spojeno.cz\/myslete-na-jidlo\/","headline":"Myslete na j\u00eddlo","name":"Myslete na j\u00eddlo","description":"Sed\u00edte cel\u00fd den v pr\u00e1ci a je pro v\u00e1s velmi t\u011b\u017ek\u00e9 myslet na j\u00eddlo a na to, abyste jedli pravideln\u011b? Zapome\u0148te na to, \u017ee pro ka\u017ed\u00e9 j\u00eddlo budete muset odsko\u010dit n\u011bkam ven. Krabi\u010dkov\u00e1 dieta Praha v\u00e1m r\u00e1no p\u0159iveze bal\u00ed\u010dek na cel\u00fd den, kter\u00fd m\u016f\u017eete m\u00edt celou dobu u sebe. Tak aspo\u0148 nezapomenete na to, se...","datePublished":"2025-02-04","dateModified":"2025-02-04","author":{"@type":"Person","@id":"https:\/\/www.spojeno.cz\/author\/#Person","name":"","url":"https:\/\/www.spojeno.cz\/author\/","identifier":1,"image":{"@type":"ImageObject","@id":"https:\/\/secure.gravatar.com\/avatar\/7b7a3ac09da7f6a75c5f1ebec5be454c22943a51b9f5595d89318ef09bd44dd1?s=96&d=mm&r=g","url":"https:\/\/secure.gravatar.com\/avatar\/7b7a3ac09da7f6a75c5f1ebec5be454c22943a51b9f5595d89318ef09bd44dd1?s=96&d=mm&r=g","height":96,"width":96}},"publisher":{"@type":"Organization","name":"spojeno.cz","logo":{"@type":"ImageObject","@id":"\/logo.png","url":"\/logo.png","width":600,"height":60}},"url":"https:\/\/www.spojeno.cz\/myslete-na-jidlo\/","wordCount":197,"articleBody":"Sed\u00edte cel\u00fd den v pr\u00e1ci a je pro v\u00e1s velmi t\u011b\u017ek\u00e9 myslet na j\u00eddlo a na to, abyste jedli pravideln\u011b? Zapome\u0148te na to, \u017ee pro ka\u017ed\u00e9 j\u00eddlo budete muset odsko\u010dit n\u011bkam ven. Krabi\u010dkov\u00e1 dieta Praha v\u00e1m r\u00e1no p\u0159iveze bal\u00ed\u010dek na cel\u00fd den, kter\u00fd m\u016f\u017eete m\u00edt celou dobu u sebe. Tak aspo\u0148 nezapomenete na to, se naj\u00edst a nebudete m\u00edt v\u00fdmluvu, pro\u010d jste dan\u00fd den nejedli. Dopl\u0148te \u017eiviny A\u0165 u\u017e sed\u00edte cel\u00fd den jen u po\u010d\u00edta\u010de nebo mus\u00edte neust\u00e1le n\u011bkam jezdit. Tak i tak v\u00e1m zb\u00fdv\u00e1 velmi m\u00e1lo \u010dasu na to, d\u00e1t si n\u011bco dobr\u00e9ho k j\u00eddlu. Nav\u00edc, kdy\u017e jej nem\u00e1te p\u0159i sob\u011b, ani v\u00e1s nenapadne se naj\u00edst. Rad\u011bji si nechte p\u0159iv\u00e9zt krabi\u010dkovou dietu z Prahy, d\u00edky kter\u00e9 z\u00edsk\u00e1te porce j\u00eddla na cel\u00fd den. Tak sv\u016fj bal\u00ed\u010dek budete m\u00edt st\u00e1le u sebe a budete v\u011bd\u011bt, \u017ee se m\u016f\u017eete v klidu naj\u00edst.                                                                                                                                                                                                                                                                                                                                                                                        4\/5 - (2 votes)        "},{"@context":"https:\/\/schema.org\/","@type":"BreadcrumbList","itemListElement":[{"@type":"ListItem","position":1,"name":"Myslete na j\u00eddlo","item":"https:\/\/www.spojeno.cz\/myslete-na-jidlo\/#breadcrumbitem"}]}]