[{"@context":"https:\/\/schema.org\/","@type":"Article","@id":"https:\/\/www.spojeno.cz\/pece-o-melirovane-vlasy\/#Article","mainEntityOfPage":"https:\/\/www.spojeno.cz\/pece-o-melirovane-vlasy\/","headline":"P\u00e9\u010de o mel\u00edrovan\u00e9 vlasy","name":"P\u00e9\u010de o mel\u00edrovan\u00e9 vlasy","description":"D\u016fle\u017eit\u00fdm za\u010d\u00e1tkem p\u0159i p\u00e9\u010di o mel\u00edrovan\u00e9 vlasy, je spr\u00e1vn\u00e9 samotn\u00e9 mel\u00edrov\u00e1n\u00ed. Mus\u00ed b\u00fdt provedeno kvalitn\u011b a \u0161etrn\u011b, jinak se vlasy velmi po\u0161kozuj\u00ed, a to vede k\u00a0jejich rychl\u00e9mu sl\u00e1bnut\u00ed, l\u00e1m\u00e1n\u00ed a vypad\u00e1v\u00e1n\u00ed. Mel\u00edrov\u00e1n\u00ed proto nikdy neprov\u00e1d\u011bjte samy doma, ale nav\u0161tivte kade\u0159nictv\u00ed s\u00a0dobr\u00fdmi referencemi. V\u00a0tomto p\u0159\u00edpad\u011b je tak\u00e9 vhodn\u00e9 dop\u0159edu se s\u00a0kade\u0159nic\u00ed domluvit, jakou technikou mel\u00edry d\u011bl\u00e1...","datePublished":"2025-03-09","dateModified":"2023-04-30","author":{"@type":"Person","@id":"https:\/\/www.spojeno.cz\/author\/#Person","name":"","url":"https:\/\/www.spojeno.cz\/author\/","identifier":1,"image":{"@type":"ImageObject","@id":"https:\/\/secure.gravatar.com\/avatar\/7b7a3ac09da7f6a75c5f1ebec5be454c22943a51b9f5595d89318ef09bd44dd1?s=96&d=mm&r=g","url":"https:\/\/secure.gravatar.com\/avatar\/7b7a3ac09da7f6a75c5f1ebec5be454c22943a51b9f5595d89318ef09bd44dd1?s=96&d=mm&r=g","height":96,"width":96}},"publisher":{"@type":"Organization","name":"spojeno.cz","logo":{"@type":"ImageObject","@id":"\/logo.png","url":"\/logo.png","width":600,"height":60}},"image":{"@type":"ImageObject","@id":"https:\/\/www.spojeno.cz\/wp-content\/uploads\/img_a288284_w2219_t1498737960.jpg","url":"https:\/\/www.spojeno.cz\/wp-content\/uploads\/img_a288284_w2219_t1498737960.jpg","height":0,"width":0},"url":"https:\/\/www.spojeno.cz\/pece-o-melirovane-vlasy\/","wordCount":398,"articleBody":"D\u016fle\u017eit\u00fdm za\u010d\u00e1tkem p\u0159i p\u00e9\u010di o mel\u00edrovan\u00e9 vlasy, je spr\u00e1vn\u00e9 samotn\u00e9 mel\u00edrov\u00e1n\u00ed. Mus\u00ed b\u00fdt provedeno kvalitn\u011b a \u0161etrn\u011b, jinak se vlasy velmi po\u0161kozuj\u00ed, a to vede k\u00a0jejich rychl\u00e9mu sl\u00e1bnut\u00ed, l\u00e1m\u00e1n\u00ed a vypad\u00e1v\u00e1n\u00ed. Mel\u00edrov\u00e1n\u00ed proto nikdy neprov\u00e1d\u011bjte samy doma, ale nav\u0161tivte kade\u0159nictv\u00ed s\u00a0dobr\u00fdmi referencemi. V\u00a0tomto p\u0159\u00edpad\u011b je tak\u00e9 vhodn\u00e9 dop\u0159edu se s\u00a0kade\u0159nic\u00ed domluvit, jakou technikou mel\u00edry d\u011bl\u00e1 a jak byste si jej p\u0159edstavovala.N\u011bkter\u00e9 kade\u0159nice d\u011blaj\u00ed sp\u00ed\u0161e siln\u011bj\u0161\u00ed prameny mel\u00edru a n\u011bkter\u00e9 zase sp\u00ed\u0161e ten\u010d\u00ed. Je tedy nutn\u00e9 skloubit va\u0161e p\u0159edstavy.N\u00e1sledn\u00e1 p\u00e9\u010de je tak\u00e9 nesm\u00edrn\u011b d\u016fle\u017eit\u00e1. Velmi vhodn\u00e9 je pou\u017e\u00edvat vlasov\u00e9 p\u0159\u00edpravky p\u0159\u00edmo ur\u010den\u00e9 pro mel\u00edrovan\u00e9 vlasy. Jedn\u00e1 se jak o \u0161ampony, tak kondicion\u00e9ry, ale tak\u00e9 masky. Tyto p\u0159\u00edpravky pomohou dodat naru\u0161en\u00fdm vlas\u016fm ochranu a hydrataci. Z\u00a0tohoto d\u016fvodu je tak\u00e9 pot\u0159eba pou\u017e\u00edvat masku na mel\u00edrovan\u00e9 vlasy \u010dast\u011bji ne\u017e u p\u0159\u00edrodn\u00edch vlas\u016f. Nejl\u00e9pe p\u0159i ka\u017ed\u00e9m druh\u00e9m myt\u00ed vlas\u016f.Co se t\u00fdk\u00e1 speci\u00e1ln\u00ed p\u00e9\u010de, je mo\u017en\u00e9 pou\u017e\u00edvat r\u016fzn\u00e9 p\u0159\u00edpravky, kter\u00e9 podporuj\u00ed kr\u00e1su a po\u017eadovan\u00fd odst\u00edn mel\u00edru. Asi nejzn\u00e1m\u011bj\u0161\u00ed jsou silver \u0161ampony. Tyto \u0161ampony maj\u00ed tmav\u011b fialovou barvu a pou\u017e\u00edvaj\u00ed se k\u00a0zesv\u011btlen\u00ed mel\u00edrovan\u00fdch pramen\u016f vlas\u016f. Silver \u0161ampony dok\u00e1\u017eou vyt\u00e1hnout z\u00a0vlas\u016f na\u017eloutl\u00e9 odst\u00edny. Jsou tedy vhodn\u00e9, pokud tou\u017e\u00edte po chladn\u00e9m odst\u00ednu mel\u00edru a jsou tak\u00e9 pou\u017e\u00edvan\u00e9 na \u0161ediv\u00e9 vlasy. Pokud tedy tou\u017e\u00edte sp\u00ed\u0161e po tepl\u00fdch odst\u00ednech a zlat\u00e9m mel\u00edru, silver \u0161ampon\u016fm se vyhn\u011bte.Na co je t\u0159eba si d\u00e1t pozor u mel\u00edrovan\u00fdch vlas\u016f, je tak\u00e9 jejich tepeln\u00e1 \u00faprava. Respektive je t\u0159eba si d\u00e1t pozor na f\u00e9ny, kulmy, \u017eehli\u010dky a dal\u0161\u00ed p\u0159\u00edstroje ur\u010den\u00e9 na \u00fapravu vlas\u016f. Mel\u00edrovan\u00e9 vlasy jsou velmi choulostiv\u00e9 a vysok\u00e9 teploty jim nesv\u011bd\u010d\u00ed. Nejvhodn\u011bj\u0161\u00ed je, se t\u011bmto p\u0159\u00edstroj\u016fm vyhnout \u00fapln\u011b, pokud jsou ale nutn\u00e9, je t\u0159eba pou\u017e\u00edt ochrann\u00e9 p\u0159\u00edpravky proti teplu.                                                                                                                                                                                                                                                                                                                                                                                        4.6\/5 - (7 votes)        "},{"@context":"https:\/\/schema.org\/","@type":"BreadcrumbList","itemListElement":[{"@type":"ListItem","position":1,"name":"P\u00e9\u010de o mel\u00edrovan\u00e9 vlasy","item":"https:\/\/www.spojeno.cz\/pece-o-melirovane-vlasy\/#breadcrumbitem"}]}]