[{"@context":"https:\/\/schema.org\/","@type":"Article","@id":"https:\/\/www.spojeno.cz\/prozijte-nezapomenutelny-den\/#Article","mainEntityOfPage":"https:\/\/www.spojeno.cz\/prozijte-nezapomenutelny-den\/","headline":"Pro\u017eijte nezapomenuteln\u00fd den","name":"Pro\u017eijte nezapomenuteln\u00fd den","description":"Chcete uniknout ze stereotypu v\u0161edn\u00edho \u017eivota a za\u017e\u00edt opravdov\u00fd kulin\u00e1\u0159sk\u00fd z\u00e1\u017eitek? Nav\u0161tivte hotel Kol\u00edn a nebudete litovat Va\u0161eho rozhodnut\u00ed. Cht\u011bli bychom, aby se na\u0161i host\u00e9 c\u00edtili v\u017edy spokojeni, proto se v\u017edy sna\u017e\u00edme plnit ka\u017ed\u00e9 jejich p\u0159\u00e1n\u00ed. Na\u0161e slu\u017eby jsou zam\u011b\u0159eny na gastronomii v tradi\u010dn\u00edm \u010desk\u00e9m duchu a mezin\u00e1rodn\u00edm stylu. V\u0161e pro na\u0161e z\u00e1kazn\u00edky Pro z\u00e1kazn\u00edky...","datePublished":"2024-12-15","dateModified":"2024-12-15","author":{"@type":"Person","@id":"https:\/\/www.spojeno.cz\/author\/#Person","name":"","url":"https:\/\/www.spojeno.cz\/author\/","identifier":1,"image":{"@type":"ImageObject","@id":"https:\/\/secure.gravatar.com\/avatar\/7b7a3ac09da7f6a75c5f1ebec5be454c22943a51b9f5595d89318ef09bd44dd1?s=96&d=mm&r=g","url":"https:\/\/secure.gravatar.com\/avatar\/7b7a3ac09da7f6a75c5f1ebec5be454c22943a51b9f5595d89318ef09bd44dd1?s=96&d=mm&r=g","height":96,"width":96}},"publisher":{"@type":"Organization","name":"spojeno.cz","logo":{"@type":"ImageObject","@id":"\/logo.png","url":"\/logo.png","width":600,"height":60}},"url":"https:\/\/www.spojeno.cz\/prozijte-nezapomenutelny-den\/","wordCount":181,"articleBody":"Chcete uniknout ze stereotypu v\u0161edn\u00edho \u017eivota a za\u017e\u00edt opravdov\u00fd kulin\u00e1\u0159sk\u00fd z\u00e1\u017eitek? Nav\u0161tivte hotel Kol\u00edn a nebudete litovat Va\u0161eho rozhodnut\u00ed. Cht\u011bli bychom, aby se na\u0161i host\u00e9 c\u00edtili v\u017edy spokojeni, proto se v\u017edy sna\u017e\u00edme plnit ka\u017ed\u00e9 jejich p\u0159\u00e1n\u00ed. Na\u0161e slu\u017eby jsou zam\u011b\u0159eny na gastronomii v tradi\u010dn\u00edm \u010desk\u00e9m duchu a mezin\u00e1rodn\u00edm stylu.V\u0161e pro na\u0161e z\u00e1kazn\u00edkyPro z\u00e1kazn\u00edky jsme p\u0159ipravili mnoho dopl\u0148kov\u00fdch slu\u017eeb. Mezi n\u011b pat\u0159\u00ed catering. Dovozem j\u00eddla V\u00e1m u\u0161et\u0159\u00edme \u010das a zaru\u010d\u00edme zdravou a pravidelnou stravu. Kr\u00e1sn\u00e9 m\u00edsto u jez\u00edrka vyb\u00edz\u00ed k ryba\u0159en\u00ed, tuto slu\u017ebu nab\u00edz\u00edme po domluv\u011b s na\u0161im person\u00e1lem. D\u011bti s rodi\u010di jist\u011b vyu\u017eij\u00ed j\u00edzdu v na\u0161em vl\u00e1\u010dku. D\u011bl\u00e1me v\u0161e proto, abyste se u n\u00e1s c\u00edtili spokojen\u011b a doporu\u010dili n\u00e1\u0161 rezort i Va\u0161\u00edm bl\u00edzk\u00fdm                                                                                                                                                                                                                                                                                                                                                                                        5\/5 - (1 vote)        "},{"@context":"https:\/\/schema.org\/","@type":"BreadcrumbList","itemListElement":[{"@type":"ListItem","position":1,"name":"Pro\u017eijte nezapomenuteln\u00fd den","item":"https:\/\/www.spojeno.cz\/prozijte-nezapomenutelny-den\/#breadcrumbitem"}]}]