[{"@context":"https:\/\/schema.org\/","@type":"Article","@id":"https:\/\/www.spojeno.cz\/vice-se-stydeli-muzi\/#Article","mainEntityOfPage":"https:\/\/www.spojeno.cz\/vice-se-stydeli-muzi\/","headline":"V\u00edce se styd\u011bli mu\u017ei","name":"V\u00edce se styd\u011bli mu\u017ei","description":"Za nehezkou pokr\u00fdvku hlavy, p\u0159edev\u0161\u00edm ve chv\u00edli, kdy mu\u017ee dostihla za\u010d\u00ednaj\u00edc\u00ed ple\u0161atost, se mu\u017ei ve st\u0159edov\u011bku velmi styd\u011bli. V t\u00e9 dob\u011b se roz\u0161\u00ed\u0159ilo pou\u017e\u00edv\u00e1n\u00ed paruk a p\u0159\u00ed\u010desk\u016f. Na sc\u00e9nu se tak dostaly nejr\u016fzn\u011bj\u0161\u00ed kade\u0159e a objemn\u00e9 \u00fa\u010desy. Dnes jsou tyto dopl\u0148ky vyr\u00e1b\u011bny p\u0159edev\u0161\u00edm z prav\u00fdch vlas\u016f a jejich pou\u017e\u00edv\u00e1n\u00ed je mo\u017en\u00e9 i p\u0159i nejr\u016fzn\u011bj\u0161\u00edch druz\u00edch...","datePublished":"2025-01-02","dateModified":"2025-01-02","author":{"@type":"Person","@id":"https:\/\/www.spojeno.cz\/author\/#Person","name":"","url":"https:\/\/www.spojeno.cz\/author\/","identifier":1,"image":{"@type":"ImageObject","@id":"https:\/\/secure.gravatar.com\/avatar\/7b7a3ac09da7f6a75c5f1ebec5be454c22943a51b9f5595d89318ef09bd44dd1?s=96&d=mm&r=g","url":"https:\/\/secure.gravatar.com\/avatar\/7b7a3ac09da7f6a75c5f1ebec5be454c22943a51b9f5595d89318ef09bd44dd1?s=96&d=mm&r=g","height":96,"width":96}},"publisher":{"@type":"Organization","name":"spojeno.cz","logo":{"@type":"ImageObject","@id":"\/logo.png","url":"\/logo.png","width":600,"height":60}},"url":"https:\/\/www.spojeno.cz\/vice-se-stydeli-muzi\/","wordCount":194,"articleBody":"Za nehezkou pokr\u00fdvku hlavy, p\u0159edev\u0161\u00edm ve chv\u00edli, kdy mu\u017ee dostihla za\u010d\u00ednaj\u00edc\u00ed ple\u0161atost, se mu\u017ei ve st\u0159edov\u011bku velmi styd\u011bli. V t\u00e9 dob\u011b se roz\u0161\u00ed\u0159ilo pou\u017e\u00edv\u00e1n\u00ed paruk a p\u0159\u00ed\u010desk\u016f. Na sc\u00e9nu se tak dostaly nejr\u016fzn\u011bj\u0161\u00ed kade\u0159e a objemn\u00e9 \u00fa\u010desy. Dnes jsou tyto dopl\u0148ky vyr\u00e1b\u011bny p\u0159edev\u0161\u00edm z prav\u00fdch vlas\u016f a jejich pou\u017e\u00edv\u00e1n\u00ed je mo\u017en\u00e9 i p\u0159i nejr\u016fzn\u011bj\u0161\u00edch druz\u00edch sportu. T\u0159eba i p\u0159i plav\u00e1n\u00ed nebo ly\u017eov\u00e1n\u00ed! Bude v\u00e1s to bavit Nemus\u00edte m\u00edt obavu. Stejn\u011b, jako v\u00e1s d\u0159\u00edve bavila n\u00e1v\u0161t\u011bva kade\u0159nick\u00fdch sal\u00f3n\u016f, bude v\u00e1s bavit i v\u00fdb\u011br va\u0161\u00ed paruky. Pro\u0161kolen\u00fd person\u00e1l v\u00e1m bude ve studiu pln\u011b k dispozici a m\u016f\u017eete si vyzkou\u0161et nejr\u016fzn\u011bj\u0161\u00ed m\u00f3dn\u00ed st\u0159ihy v r\u016fzn\u00fdch d\u00e9lk\u00e1ch. P\u0159ekvap\u00ed v\u00e1s kvalita zpracov\u00e1n\u00ed i mo\u017enosti pou\u017eit\u00ed tohoto dopl\u0148ku. Nebudete ji muset sundat ani na plav\u00e1n\u00ed!                                                                                                                                                                                                                                                                                                                                                                                        4.5\/5 - (2 votes)        "},{"@context":"https:\/\/schema.org\/","@type":"BreadcrumbList","itemListElement":[{"@type":"ListItem","position":1,"name":"V\u00edce se styd\u011bli mu\u017ei","item":"https:\/\/www.spojeno.cz\/vice-se-stydeli-muzi\/#breadcrumbitem"}]}]